{"id":4832,"date":"2026-08-28T11:44:13","date_gmt":"2026-08-28T09:44:13","guid":{"rendered":"https:\/\/www.panierebio.com\/blog\/?p=4832"},"modified":"2026-08-28T11:44:15","modified_gmt":"2026-08-28T09:44:15","slug":"frutta-settembre","status":"publish","type":"post","link":"https:\/\/www.panierebio.com\/blog\/frutta-settembre\/","title":{"rendered":"Frutta di stagione a settembre: guida completa"},"content":{"rendered":"\n<p class=\"wp-block-paragraph\">Settembre \u00e8 un mese particolarmente interessante per chi ama la frutta di stagione. L&#8217;estate non \u00e8 ancora completamente finita e sui banchi dei mercati si trovano ancora alcuni dei frutti tipici della stagione calda, mentre iniziano ad arrivare le prime produzioni autunnali.<\/p>\n\n\n\n<p class=\"wp-block-paragraph\">Uva, fichi, pesche, susine e meloni convivono con mele, pere e altri frutti che accompagneranno la spesa nei mesi successivi.<\/p>\n\n\n\n<p class=\"wp-block-paragraph\">Conoscere la <strong>frutta di stagione a settembre<\/strong> permette di organizzare meglio la spesa e scegliere ogni settimana prodotti diversi, seguendo ci\u00f2 che offre il calendario della frutta.<\/p>\n\n\n\n<p class=\"wp-block-paragraph\">Su <strong><a href=\"https:\/\/panierebio.com\">PaniereBio.com<\/a><\/strong> trovi una selezione di frutta biologica di stagione, scelta per accompagnare la tua spesa durante tutto il mese di settembre e consegnata direttamente a domicilio.<\/p>\n\n\n\n<hr class=\"wp-block-separator has-alpha-channel-opacity\"\/>\n\n\n\n<h1 class=\"wp-block-heading\">Qual \u00e8 la frutta di stagione a settembre?<\/h1>\n\n\n\n<p class=\"wp-block-paragraph\">Settembre offre una selezione molto varia di frutta, con tanti prodotti ancora legati all&#8217;estate e le prime variet\u00e0 tipicamente autunnali.<\/p>\n\n\n\n<figure class=\"wp-block-table\"><table class=\"has-fixed-layout\"><tbody><tr><th>Frutta di settembre<\/th><th>Periodo<\/th><\/tr><tr><td><a href=\"https:\/\/www.panierebio.com\/prodotto\/85-uva-bianca-biologica\/\">Uva<\/a><\/td><td>Settembre &#8211; autunno<\/td><\/tr><tr><td>Fichi<\/td><td>Fine estate &#8211; settembre<\/td><\/tr><tr><td><a href=\"https:\/\/www.panierebio.com\/prodotto\/132-pesche-biologiche\/\">Pesche<\/a><\/td><td>Estate &#8211; inizio autunno<\/td><\/tr><tr><td><a href=\"https:\/\/www.panierebio.com\/prodotto\/131-noci-pesche-biologiche\/\">Nettarine<\/a><\/td><td>Estate &#8211; inizio autunno<\/td><\/tr><tr><td><a href=\"https:\/\/www.panierebio.com\/prodotto\/570-susine-stanley-biologiche\/\">Susine<\/a><\/td><td>Estate &#8211; inizio autunno<\/td><\/tr><tr><td>Prugne<\/td><td>Estate &#8211; settembre<\/td><\/tr><tr><td><a href=\"https:\/\/www.panierebio.com\/module\/iqitsearch\/searchiqit?s=melone\">Melone<\/a><\/td><td>Estate &#8211; settembre<\/td><\/tr><tr><td><a href=\"https:\/\/www.panierebio.com\/prodotto\/276-pere-bio\/\">Pere<\/a><\/td><td>Da fine estate e autunno<\/td><\/tr><tr><td><a href=\"https:\/\/www.panierebio.com\/module\/iqitsearch\/searchiqit?s=mele\">Mele<\/a><\/td><td>Da fine estate e autunno<\/td><\/tr><tr><td><a href=\"https:\/\/www.panierebio.com\/prodotto\/319-fichi-dindia-biologici\/\">Fichi d&#8217;India<\/a><\/td><td>Fine estate &#8211; autunno<\/td><\/tr><\/tbody><\/table><\/figure>\n\n\n\n<p class=\"wp-block-paragraph\">La disponibilit\u00e0 pu\u00f2 variare in base alla variet\u00e0, alla zona di coltivazione e all&#8217;andamento della stagione.<\/p>\n\n\n\n<hr class=\"wp-block-separator has-alpha-channel-opacity\"\/>\n\n\n\n<h1 class=\"wp-block-heading\">La spesa ideale di frutta a settembre<\/h1>\n\n\n\n<p class=\"wp-block-paragraph\">Se vuoi preparare una spesa completa per la settimana, puoi alternare i frutti ancora disponibili a fine estate con quelli che segnano l&#8217;arrivo dell&#8217;autunno.<\/p>\n\n\n\n<figure class=\"wp-block-table\"><table class=\"has-fixed-layout\"><tbody><tr><td>Per cosa<\/td><td>Frutta da scegliere<\/td><\/tr><tr><td>Per la colazione<\/td><td>Uva, fichi, pere, mele<\/td><\/tr><tr><td>Per gli spuntini<\/td><td>Pesche, susine, prugne<\/td><\/tr><tr><td>Per una macedonia<\/td><td>Uva, pesche, pere, melone<\/td><\/tr><tr><td>Per i dessert<\/td><td>Fichi, pere, pesche, prugne<\/td><\/tr><tr><td>Da portare fuori casa<\/td><td>Mele, pere, susine, uva<\/td><\/tr><\/tbody><\/table><\/figure>\n\n\n\n<p class=\"wp-block-paragraph\">In questo modo \u00e8 possibile variare facilmente la frutta durante la settimana e utilizzare ogni prodotto in momenti diversi della giornata.<\/p>\n\n\n\n<hr class=\"wp-block-separator has-alpha-channel-opacity\"\/>\n\n\n\n<h1 class=\"wp-block-heading\">La frutta simbolo di settembre<\/h1>\n\n\n\n<h2 class=\"wp-block-heading\">Uva<\/h2>\n\n\n\n<p class=\"wp-block-paragraph\">L&#8217;uva \u00e8 uno dei frutti pi\u00f9 rappresentativi del mese di settembre. \u00c8 disponibile in numerose variet\u00e0, con acini chiari o scuri e caratteristiche diverse.<\/p>\n\n\n\n<p class=\"wp-block-paragraph\">\u00c8 perfetta da consumare fresca, ma pu\u00f2 essere utilizzata anche per accompagnare taglieri, insalate e dessert.<\/p>\n\n\n\n<h2 class=\"wp-block-heading\">Fichi<\/h2>\n\n\n\n<p class=\"wp-block-paragraph\">I fichi sono tra i protagonisti della fine dell&#8217;estate. La loro stagione \u00e8 piuttosto breve e settembre \u00e8 uno dei periodi migliori per trovarli sui banchi del mercato.<\/p>\n\n\n\n<p class=\"wp-block-paragraph\">Sono ottimi da gustare freschi oppure utilizzati per preparare crostate, torte, confetture e dessert.<\/p>\n\n\n\n<h2 class=\"wp-block-heading\">Pesche e nettarine<\/h2>\n\n\n\n<p class=\"wp-block-paragraph\">A settembre \u00e8 ancora possibile trovare pesche e nettarine, soprattutto nelle prime settimane del mese e in base alla variet\u00e0.<\/p>\n\n\n\n<p class=\"wp-block-paragraph\">Possono essere consumate fresche, aggiunte a macedonie oppure utilizzate per preparazioni dolci.<\/p>\n\n\n\n<h2 class=\"wp-block-heading\">Susine e prugne<\/h2>\n\n\n\n<p class=\"wp-block-paragraph\">Susine e prugne accompagnano il passaggio dall&#8217;estate all&#8217;autunno. Sono disponibili in diverse variet\u00e0 e colori e possono essere utilizzate sia per il consumo fresco sia per preparare dolci e confetture.<\/p>\n\n\n\n<h2 class=\"wp-block-heading\">Pere<\/h2>\n\n\n\n<p class=\"wp-block-paragraph\">Le pere iniziano a diventare protagoniste della spesa autunnale. Le diverse variet\u00e0 permettono di scegliere tra consistenze e caratteristiche differenti.<\/p>\n\n\n\n<p class=\"wp-block-paragraph\">Sono adatte al consumo fresco e possono essere utilizzate anche in torte, crostate e dessert.<\/p>\n\n\n\n<h2 class=\"wp-block-heading\">Mele<\/h2>\n\n\n\n<p class=\"wp-block-paragraph\">A settembre iniziano ad arrivare le prime mele della nuova stagione. A seconda della variet\u00e0, possono essere pi\u00f9 croccanti, dolci o acidule.<\/p>\n\n\n\n<p class=\"wp-block-paragraph\">Sono ideali da mangiare fresche oppure da utilizzare in cucina per torte, dolci e preparazioni cotte.<\/p>\n\n\n\n<h2 class=\"wp-block-heading\">Fichi d&#8217;India<\/h2>\n\n\n\n<p class=\"wp-block-paragraph\">I fichi d&#8217;India sono tipici della fine dell&#8217;estate e dell&#8217;inizio dell&#8217;autunno, soprattutto nelle zone pi\u00f9 calde d&#8217;Italia.<\/p>\n\n\n\n<p class=\"wp-block-paragraph\">Il loro periodo di disponibilit\u00e0 rende settembre un buon momento per inserirli nella spesa e scoprire variet\u00e0 locali.<\/p>\n\n\n\n<hr class=\"wp-block-separator has-alpha-channel-opacity\"\/>\n\n\n\n<h1 class=\"wp-block-heading\">Come organizzare una macedonia con la frutta di settembre<\/h1>\n\n\n\n<p class=\"wp-block-paragraph\">La variet\u00e0 disponibile permette di creare macedonie diverse durante tutto il mese.<\/p>\n\n\n\n<p class=\"wp-block-paragraph\">Una combinazione semplice pu\u00f2 essere composta da:<\/p>\n\n\n\n<ul class=\"wp-block-list\">\n<li>Uva<\/li>\n\n\n\n<li>Pesche<\/li>\n\n\n\n<li>Pere<\/li>\n\n\n\n<li>Susine<\/li>\n\n\n\n<li>Melone<\/li>\n\n\n\n<li>Fichi<\/li>\n<\/ul>\n\n\n\n<p class=\"wp-block-paragraph\">Puoi scegliere tre o quattro frutti alla volta, alternandoli in base alla maturazione e a ci\u00f2 che hai acquistato durante la settimana.<\/p>\n\n\n\n<p class=\"wp-block-paragraph\">Per un risultato pi\u00f9 fresco, puoi aggiungere qualche foglia di menta oppure utilizzare un po&#8217; di succo di limone.<\/p>\n\n\n\n<hr class=\"wp-block-separator has-alpha-channel-opacity\"\/>\n\n\n\n<h1 class=\"wp-block-heading\">Idee per utilizzare la frutta di settembre<\/h1>\n\n\n\n<p class=\"wp-block-paragraph\">La frutta del mese pu\u00f2 essere utilizzata in molte preparazioni, dalle pi\u00f9 semplici a quelle pi\u00f9 elaborate.<\/p>\n\n\n\n<h3 class=\"wp-block-heading\">Colazione<\/h3>\n\n\n\n<p class=\"wp-block-paragraph\">Yogurt con uva, fichi e pera oppure una fetta di torta alle mele fatta in casa.<\/p>\n\n\n\n<h3 class=\"wp-block-heading\">Merenda<\/h3>\n\n\n\n<p class=\"wp-block-paragraph\">Una pesca, una susina, una pera o una piccola porzione di uva.<\/p>\n\n\n\n<h3 class=\"wp-block-heading\">Dessert<\/h3>\n\n\n\n<p class=\"wp-block-paragraph\">Macedonia di frutta fresca, crostata ai fichi, torta alle pere o pesche cotte.<\/p>\n\n\n\n<h3 class=\"wp-block-heading\">Aperitivo<\/h3>\n\n\n\n<p class=\"wp-block-paragraph\">Fichi e uva possono essere abbinati a formaggi e altri ingredienti per creare un tagliere originale.<\/p>\n\n\n\n<h3 class=\"wp-block-heading\">Confetture<\/h3>\n\n\n\n<p class=\"wp-block-paragraph\">Fichi, susine, prugne e pere possono essere utilizzati per preparare confetture e conserve da gustare anche nei mesi successivi.<\/p>\n\n\n\n<hr class=\"wp-block-separator has-alpha-channel-opacity\"\/>\n\n\n\n<h1 class=\"wp-block-heading\">Abbinamenti con la frutta di settembre<\/h1>\n\n\n\n<p class=\"wp-block-paragraph\">La frutta di settembre si presta anche ad abbinamenti particolari, sia dolci sia salati.<\/p>\n\n\n\n<figure class=\"wp-block-table\"><table class=\"has-fixed-layout\"><tbody><tr><td>Frutta<\/td><td>Abbinamento<\/td><td>Idea<\/td><\/tr><tr><td>Fichi<\/td><td>Formaggi<\/td><td>Tagliere<\/td><\/tr><tr><td>Uva<\/td><td>Formaggi<\/td><td>Aperitivo<\/td><\/tr><tr><td>Pere<\/td><td>Noci<\/td><td>Insalata o dessert<\/td><\/tr><tr><td>Pesche<\/td><td>Yogurt<\/td><td>Colazione o dessert<\/td><\/tr><tr><td>Susine<\/td><td>Rucola<\/td><td>Insalata originale<\/td><\/tr><tr><td>Mele<\/td><td>Cannella<\/td><td>Dolce al forno<\/td><\/tr><\/tbody><\/table><\/figure>\n\n\n\n<p class=\"wp-block-paragraph\">Questi abbinamenti permettono di utilizzare la frutta in modo diverso dal semplice consumo fresco.<\/p>\n\n\n\n<hr class=\"wp-block-separator has-alpha-channel-opacity\"\/>\n\n\n\n<h1 class=\"wp-block-heading\">Come conservare la frutta di settembre<\/h1>\n\n\n\n<p class=\"wp-block-paragraph\">La corretta conservazione dipende dal tipo di frutto e dal suo grado di maturazione.<\/p>\n\n\n\n<figure class=\"wp-block-table\"><table class=\"has-fixed-layout\"><tbody><tr><td>Frutta<\/td><td>Consiglio<\/td><\/tr><tr><td>Uva<\/td><td>Conservare in frigorifero e consumare in pochi giorni<\/td><\/tr><tr><td>Fichi<\/td><td>Conservare in frigorifero e consumare rapidamente<\/td><\/tr><tr><td>Pesche<\/td><td>Lasciare maturare a temperatura ambiente e refrigerare una volta mature<\/td><\/tr><tr><td>Susine<\/td><td>Lasciare maturare a temperatura ambiente e trasferire in frigorifero quando necessario<\/td><\/tr><tr><td>Pere<\/td><td>Lasciare maturare a temperatura ambiente<\/td><\/tr><tr><td>Mele<\/td><td>Conservare in frigorifero o in un luogo fresco<\/td><\/tr><tr><td>Melone<\/td><td>Conservare intero in un luogo fresco; dopo il taglio, refrigerare<\/td><\/tr><tr><td>Fichi d&#8217;India<\/td><td>Conservare in frigorifero una volta acquistati e consumare in tempi brevi<\/td><\/tr><\/tbody><\/table><\/figure>\n\n\n\n<p class=\"wp-block-paragraph\">Per evitare sprechi, \u00e8 consigliabile controllare regolarmente la frutta acquistata e consumare prima i prodotti gi\u00e0 maturi.<\/p>\n\n\n\n<hr class=\"wp-block-separator has-alpha-channel-opacity\"\/>\n\n\n\n<h1 class=\"wp-block-heading\">Come scegliere la frutta al mercato a settembre<\/h1>\n\n\n\n<p class=\"wp-block-paragraph\">Quando fai la spesa al mercato, osserva il grado di maturazione di ogni frutto in base a quando prevedi di consumarlo.<\/p>\n\n\n\n<p class=\"wp-block-paragraph\">Se vuoi consumare la frutta nei giorni successivi, puoi scegliere alcuni prodotti ancora leggermente acerbi, come pere, mele e pesche.<\/p>\n\n\n\n<p class=\"wp-block-paragraph\">Per il consumo immediato, invece, puoi orientarti verso frutti gi\u00e0 maturi e pronti da mangiare, come fichi, uva o alcune variet\u00e0 di susine.<\/p>\n\n\n\n<p class=\"wp-block-paragraph\">In questo modo puoi distribuire il consumo durante tutta la settimana e ridurre il rischio di ritrovarti con troppa frutta matura contemporaneamente.<\/p>\n\n\n\n<hr class=\"wp-block-separator has-alpha-channel-opacity\"\/>\n\n\n\n<h1 class=\"wp-block-heading\">Perch\u00e9 scegliere frutta di stagione a settembre<\/h1>\n\n\n\n<p class=\"wp-block-paragraph\">Settembre \u00e8 uno dei mesi pi\u00f9 interessanti per seguire il calendario della frutta. \u00c8 un periodo di passaggio in cui \u00e8 ancora possibile acquistare diversi frutti estivi, mentre iniziano a comparire le prime variet\u00e0 autunnali.<\/p>\n\n\n\n<p class=\"wp-block-paragraph\">Seguire la stagionalit\u00e0 significa quindi variare la spesa in base al periodo dell&#8217;anno e lasciarsi guidare dalla disponibilit\u00e0 del momento.<\/p>\n\n\n\n<p class=\"wp-block-paragraph\">Uva, fichi, pesche e susine rappresentano ancora l&#8217;estate, mentre mele e pere introducono gradualmente i sapori della stagione successiva.<\/p>\n\n\n\n<hr class=\"wp-block-separator has-alpha-channel-opacity\"\/>\n\n\n\n<h1 class=\"wp-block-heading\">Come PaniereBio porta la frutta di stagione direttamente a casa<\/h1>\n\n\n\n<p class=\"wp-block-paragraph\">Con <strong><a href=\"https:\/\/panierebio.com\">PaniereBio.com<\/a><\/strong> puoi ricevere comodamente a domicilio una selezione di <strong>frutta biologica di stagione<\/strong>, scelta per accompagnare la tua spesa durante il mese di settembre.<\/p>\n\n\n\n<p class=\"wp-block-paragraph\">Nel nostro e-commerce puoi trovare diversi prodotti tipici del periodo, dall&#8217;uva ai fichi, dalle pesche alle susine, fino alle mele, alle pere e ad altre specialit\u00e0 della stagione.<\/p>\n\n\n\n<p class=\"wp-block-paragraph\"><a href=\"https:\/\/panierebio.com\">\u27a1 <strong>Scopri la selezione di frutta biologica di settembre su PaniereBio e organizza la tua spesa con i migliori prodotti di stagione, consegnati direttamente a casa.<\/strong><\/a><\/p>\n","protected":false},"excerpt":{"rendered":"<p>Settembre \u00e8 un mese particolarmente interessante per chi ama la frutta di stagione. L&#8217;estate non \u00e8 ancora completamente finita e sui banchi dei mercati si &#8230; <\/p>\n<p class=\"read-more-container\"><a title=\"Frutta di stagione a settembre: guida completa\" class=\"read-more button\" href=\"https:\/\/www.panierebio.com\/blog\/frutta-settembre\/#more-4832\">Leggi tutto<span class=\"screen-reader-text\">Frutta di stagione a settembre: guida completa<\/span><\/a><\/p>\n","protected":false},"author":5,"featured_media":4833,"comment_status":"closed","ping_status":"closed","sticky":false,"template":"","format":"standard","meta":{"footnotes":""},"categories":[1],"tags":[],"class_list":["post-4832","post","type-post","status-publish","format-standard","has-post-thumbnail","hentry","category-senza-categoria","no-featured-image-padding"],"_links":{"self":[{"href":"https:\/\/www.panierebio.com\/blog\/wp-json\/wp\/v2\/posts\/4832","targetHints":{"allow":["GET"]}}],"collection":[{"href":"https:\/\/www.panierebio.com\/blog\/wp-json\/wp\/v2\/posts"}],"about":[{"href":"https:\/\/www.panierebio.com\/blog\/wp-json\/wp\/v2\/types\/post"}],"author":[{"embeddable":true,"href":"https:\/\/www.panierebio.com\/blog\/wp-json\/wp\/v2\/users\/5"}],"replies":[{"embeddable":true,"href":"https:\/\/www.panierebio.com\/blog\/wp-json\/wp\/v2\/comments?post=4832"}],"version-history":[{"count":1,"href":"https:\/\/www.panierebio.com\/blog\/wp-json\/wp\/v2\/posts\/4832\/revisions"}],"predecessor-version":[{"id":4834,"href":"https:\/\/www.panierebio.com\/blog\/wp-json\/wp\/v2\/posts\/4832\/revisions\/4834"}],"wp:featuredmedia":[{"embeddable":true,"href":"https:\/\/www.panierebio.com\/blog\/wp-json\/wp\/v2\/media\/4833"}],"wp:attachment":[{"href":"https:\/\/www.panierebio.com\/blog\/wp-json\/wp\/v2\/media?parent=4832"}],"wp:term":[{"taxonomy":"category","embeddable":true,"href":"https:\/\/www.panierebio.com\/blog\/wp-json\/wp\/v2\/categories?post=4832"},{"taxonomy":"post_tag","embeddable":true,"href":"https:\/\/www.panierebio.com\/blog\/wp-json\/wp\/v2\/tags?post=4832"}],"curies":[{"name":"wp","href":"https:\/\/api.w.org\/{rel}","templated":true}]}}